{"id":11489,"date":"2015-01-21T15:09:53","date_gmt":"2015-01-21T13:09:53","guid":{"rendered":"http:\/\/www.belediyeler.net\/?p=11489"},"modified":"2015-01-21T15:09:53","modified_gmt":"2015-01-21T13:09:53","slug":"baskan-sozlu-aski-spor-adananin-tanitimini-buyuk-katki-koyuyor","status":"publish","type":"post","link":"http:\/\/www.belediyeler.net\/?p=11489","title":{"rendered":"Ba\u015fkan S\u00f6zl\u00fc, \u201cASK\u0130 Spor, Adana\u2019n\u0131n tan\u0131t\u0131m\u0131n\u0131 b\u00fcy\u00fck katk\u0131 koyuyor.\u201d"},"content":{"rendered":"<p>Adana B\u00fcy\u00fck\u015fehir Belediye Ba\u015fkan\u0131 H\u00fcseyin S\u00f6zl\u00fc, T\u00fcrkiye Kad\u0131nlar Basketbol 1.Ligi (TKBL) tak\u0131mlar\u0131ndan Adana ASK\u0130 Spor\u2019u ziyaret etti.<\/p>\n<p>Adana B\u00fcy\u00fck\u015fehir Belediye Ba\u015fkan\u0131 H\u00fcseyin S\u00f6zl\u00fc, \u201cCeyhan Belediye Ba\u015fkan\u0131 oldu\u011fum d\u00f6nemde 12 y\u0131l boyunca Ceyhan Belediyespor olarak ligde m\u00fccadele ettik. Adana ASK\u0130 Spor  il\u00e7elerimizle birlikte b\u00fct\u00fcn Adana\u2019y\u0131 temsil ediyor. \u00d6zellikle ge\u00e7ti\u011fimiz haftalarda T\u00fcrkiye Kupas\u0131 ma\u00e7lar\u0131nda final oynayarak T\u00fcrkiye ikincisi olmas\u0131 bizleri ziyadesiyle mutlu etti. Adana ASK\u0130 Spor \u015fu anda marka olma yolunda ve ilimizin tan\u0131t\u0131m\u0131na \u00e7ok b\u00fcy\u00fck katk\u0131 sa\u011fl\u0131yor. Bu tak\u0131m \u00f6n\u00fcm\u00fczdeki y\u0131l Avrupa Kupalar\u0131nda da m\u00fccadele ederek \u015fehrimizi d\u00fcnyaya tan\u0131tacak. Ben de bu kul\u00fcb\u00fcn Onursal Ba\u015fkan\u0131 olarak y\u00f6netim kurulunu, teknik kadroyu ve sporcular\u0131m\u0131z\u0131 ba\u015far\u0131lar\u0131ndan dolay\u0131 kutluyorum\u201d dedi.<\/p>\n<p>Adana B\u00fcy\u00fck\u015fehir Belediye Ba\u015fkan\u0131 H\u00fcseyin S\u00f6zl\u00fc\u2019n\u00fcn, Adana ASK\u0130 Spor\u2019a ger\u00e7ekle\u015ftirdi\u011fi ziyarette, Asba\u015fkan Sedat S\u00f6zl\u00fc ve Genel Menajer Fatih Y\u00fccel de haz\u0131r bulundu.<\/p>\n","protected":false},"excerpt":{"rendered":"<p>Adana B\u00fcy\u00fck\u015fehir Belediye Ba\u015fkan\u0131 H\u00fcseyin S\u00f6zl\u00fc, T\u00fcrkiye Kad\u0131nlar Basketbol 1.Ligi (TKBL) tak\u0131mlar\u0131ndan Adana ASK\u0130 Spor\u2019u ziyaret etti. Adana B\u00fcy\u00fck\u015fehir Belediye Ba\u015fkan\u0131 H\u00fcseyin S\u00f6zl\u00fc, \u201cCeyhan Belediye Ba\u015fkan\u0131 oldu\u011fum d\u00f6nemde 12 y\u0131l boyunca Ceyhan Belediyespor olarak&#46;&#46;&#46;<\/p>\n","protected":false},"author":1,"featured_media":11490,"comment_status":"open","ping_status":"open","sticky":false,"template":"","format":"standard","meta":[],"categories":[13,50,1],"tags":[],"_links":{"self":[{"href":"http:\/\/www.belediyeler.net\/index.php?rest_route=\/wp\/v2\/posts\/11489"}],"collection":[{"href":"http:\/\/www.belediyeler.net\/index.php?rest_route=\/wp\/v2\/posts"}],"about":[{"href":"http:\/\/www.belediyeler.net\/index.php?rest_route=\/wp\/v2\/types\/post"}],"author":[{"embeddable":true,"href":"http:\/\/www.belediyeler.net\/index.php?rest_route=\/wp\/v2\/users\/1"}],"replies":[{"embeddable":true,"href":"http:\/\/www.belediyeler.net\/index.php?rest_route=%2Fwp%2Fv2%2Fcomments&post=11489"}],"version-history":[{"count":1,"href":"http:\/\/www.belediyeler.net\/index.php?rest_route=\/wp\/v2\/posts\/11489\/revisions"}],"predecessor-version":[{"id":11491,"href":"http:\/\/www.belediyeler.net\/index.php?rest_route=\/wp\/v2\/posts\/11489\/revisions\/11491"}],"wp:featuredmedia":[{"embeddable":true,"href":"http:\/\/www.belediyeler.net\/index.php?rest_route=\/wp\/v2\/media\/11490"}],"wp:attachment":[{"href":"http:\/\/www.belediyeler.net\/index.php?rest_route=%2Fwp%2Fv2%2Fmedia&parent=11489"}],"wp:term":[{"taxonomy":"category","embeddable":true,"href":"http:\/\/www.belediyeler.net\/index.php?rest_route=%2Fwp%2Fv2%2Fcategories&post=11489"},{"taxonomy":"post_tag","embeddable":true,"href":"http:\/\/www.belediyeler.net\/index.php?rest_route=%2Fwp%2Fv2%2Ftags&post=11489"}],"curies":[{"name":"wp","href":"https:\/\/api.w.org\/{rel}","templated":true}]}}