{"id":25168,"date":"2024-02-22T12:14:58","date_gmt":"2024-02-22T09:14:58","guid":{"rendered":"http:\/\/www.belediyeler.net\/?p=25168"},"modified":"2024-02-22T12:15:00","modified_gmt":"2024-02-22T09:15:00","slug":"tbmm-baskan-vekili-bozdag-harranda-cumhur-ittifaki-galip-gelecektir","status":"publish","type":"post","link":"http:\/\/www.belediyeler.net\/?p=25168","title":{"rendered":"TBMM BA\u015eKAN VEK\u0130L\u0130 BOZDA\u011e: HARRAN&#8217;DA CUMHUR \u0130TT\u0130FAKI GAL\u0130P GELECEKT\u0130R"},"content":{"rendered":"\n<figure class=\"wp-block-image size-full\"><a href=\"http:\/\/www.belediyeler.net\/wp-content\/uploads\/2024\/02\/harran-21.jpg\"><img loading=\"lazy\" width=\"1024\" height=\"683\" src=\"http:\/\/www.belediyeler.net\/wp-content\/uploads\/2024\/02\/harran-21.jpg\" alt=\"\" class=\"wp-image-25169\" srcset=\"http:\/\/www.belediyeler.net\/wp-content\/uploads\/2024\/02\/harran-21.jpg 1024w, http:\/\/www.belediyeler.net\/wp-content\/uploads\/2024\/02\/harran-21-300x200.jpg 300w, http:\/\/www.belediyeler.net\/wp-content\/uploads\/2024\/02\/harran-21-768x512.jpg 768w\" sizes=\"(max-width: 1024px) 100vw, 1024px\" \/><\/a><\/figure>\n\n\n\n<p>Cumhur \u0130ttifak\u0131 Harran Belediye Ba\u015fkan\u0131 Mahmut \u00d6zyavuz&#8217;un Cumhur Odas\u0131nda a\u011f\u0131rlad\u0131\u011f\u0131, TBMM Ba\u015fkanvekili ve AK Parti \u015eanl\u0131urfa Milletvekili Bekir Bozda\u011f, Harranl\u0131 vatanda\u015flarla bir araya geldi.<\/p>\n\n\n\n<p>31 Mart yerel se\u00e7imlerinde Cumhur \u0130ttifak\u0131 Harran Belediye Ba\u015fkan\u0131 Mahmut \u00d6zyavuz, tekrardan aday g\u00f6sterilerek, Cumhur \u0130ttifak\u0131n\u0131n MHP aday\u0131 oldu. Cumhur ittifak\u0131&#8217;n\u0131n birlik ve beraberli\u011fi i\u00e7in gece g\u00fcnd\u00fcz demeden \u00e7al\u0131\u015fmalar\u0131n\u0131 s\u00fcrd\u00fcren Ba\u015fkan \u00d6zyavuz, TBMM Ba\u015fkanvekili ve AK Parti \u015eanl\u0131urfa Milletvekili Bekir Bozda\u011f&#8217;\u0131n kat\u0131l\u0131m\u0131yla \u00fcretken belediyecilik, birlikte y\u00f6netim ve b\u00fct\u00fcnc\u00fcl yakla\u015f\u0131m\u0131n en g\u00fczel \u00f6rne\u011fini Harran&#8217;da ya\u015fatmaya, istikrar\u0131n s\u00fcrd\u00fcr\u00fclmesi i\u00e7in \u00e7al\u0131\u015fmaya devam edeceklerini s\u00f6yledi.<\/p>\n\n\n\n<p>Ba\u015fkan \u00d6zyavuz: &#8221;Harran\u2019\u0131m\u0131za cumhur odam\u0131za, cumhur ittifak\u0131n\u0131n me\u015falesinin yak\u0131laca\u011f\u0131 Harran il\u00e7esine te\u015frif etti\u011fi i\u00e7in Bakan\u0131m\u0131z say\u0131n Bekir Bozda\u011f&#8217;a ho\u015f geldiniz diyor, sayg\u0131lar sunuyorum. Bildi\u011finiz gibi siyasette itibar\u0131 alanda veren de millettir. Cenab\u0131 Allah\u2019\u0131n izni ile bizler de daima g\u00fcc\u00fcm\u00fcz\u00fc sizlerden al\u0131yoruz. Vatanda\u015f\u0131m\u0131zla milletimizle hi\u00e7bir zaman mesafe koymad\u0131k. Ula\u015f\u0131lmas\u0131 kolay her zaman i\u00e7inizde bulunan ve siyaseti sadece Allah\u2019\u0131n r\u0131zas\u0131 ve sizlerin hizmeti i\u00e7in yapan bir belediye ba\u015fkan\u0131 olarak, say\u0131n bakan\u0131m\u0131z\u0131n \u00f6n\u00fcnde de tekrar sizlere s\u00f6yl\u00fcyorum. Do\u011fup b\u00fcy\u00fcd\u00fc\u011f\u00fcm yere, Harran il\u00e7emize hizmet etme \u015fans\u0131n\u0131 bana verdi\u011finiz i\u00e7in ve halen o deste\u011fi o \u0131\u015f\u0131\u011f\u0131 sizin g\u00f6zlerinizden g\u00f6rd\u00fc\u011f\u00fcm i\u00e7in ayr\u0131ca sizlere te\u015fekk\u00fcr ediyorum. Cenab\u0131 Allah hi\u00e7bir zaman bizleri, \u00f6mr\u00fcm\u00fcz\u00fc adad\u0131\u011f\u0131m\u0131z, can\u0131m\u0131z\u0131 feda etti\u011fimiz Harran\u2019\u0131m\u0131za mahcup etmesin diyorum. Gazam\u0131z m\u00fcbarek olsun yolumuz a\u00e7\u0131k olsun diyorum.&#8221; \u0130fadelerini kulland\u0131.<\/p>\n\n\n\n<p>TBMM Ba\u015fkanvekili ve AK Parti \u015eanl\u0131urfa Milletvekili Bekir Bozda\u011f: Sayg\u0131 de\u011fer Harranl\u0131 hem\u015fehrilerim, cumhur ittifak\u0131n\u0131n bu cumhur bulu\u015fmas\u0131nda her birinizi sevgi, sayg\u0131 ve y\u00fcce Allah\u2019\u0131n selam\u0131 ile selaml\u0131yorum. Hay\u0131rl\u0131 ak\u015famlar diliyorum. Bug\u00fcn Harran\u2019\u0131m\u0131zda baz\u0131 hizmetler vesilesiyle geldik ve gelmi\u015fken de cumhur ittifak\u0131m\u0131z\u0131n cumhurda ki b\u00f6ylesi muhte\u015fem kalabal\u0131\u011f\u0131 duyunca ba\u015fkan\u0131ma dedim ki gidelim selam verelim dedik. Hepinizi tekrar selaml\u0131yorum. 31 Mart T\u00fcrkiye\u2019miz i\u00e7in son derece \u00f6nemli bir d\u00f6neme\u00e7 noktas\u0131d\u0131r. Sadece T\u00fcrkiye i\u00e7in de\u011fil Harran\u2019\u0131m\u0131z i\u00e7in \u015eanl\u0131urfa\u2019m\u0131z i\u00e7in de b\u00fcy\u00fck bir de\u011fi\u015fim d\u00f6n\u00fc\u015f\u00fcm ve \u00f6nemli d\u00f6neme\u00e7 noktas\u0131d\u0131r. Kim ne hesap ederse etsin. Hesab\u0131 en iyi g\u00f6ren Allah\u2019t\u0131r. Kim hangi oyunu kurarsa kursun. En iyi oyunu kuran cenab\u0131 hakt\u0131r. Biz onu g\u00f6r\u00fcyor ona inan\u0131yor onu biliyoruz. Belediye Ba\u015fkanlar\u0131m\u0131z\u0131n hepsi tecr\u00fcbelidir. Biz yeni d\u00f6nem de bu tecr\u00fcbeye bu birikime de\u011fer verelim \u00e7\u00fcnk\u00fc kaybedecek vaktimiz yok. Harran\u2019\u0131n da kaybedecek vakti yok. \u015eanl\u0131urfa\u2019n\u0131n da kaybedecek vakti yok.\u00a0 31 Mart\u2019\u0131n ak\u015fam\u0131ndan hizmete koyulacak, projelerini bilecek, nereye ne yapaca\u011f\u0131n\u0131 haz\u0131rl\u0131\u011f\u0131n\u0131 yapm\u0131\u015f bir kadroyla hem Harran da hem \u015eanl\u0131urfa\u2019n\u0131n her bir yerinde Allah\u2019\u0131n izni ile yolumuza devam edece\u011fiz. \u015eanl\u0131urfa da tecr\u00fcbe kazanacakt\u0131r. Dedi.<\/p>\n\n\n\n<figure class=\"wp-block-embed is-type-video is-provider-youtube wp-block-embed-youtube wp-embed-aspect-16-9 wp-has-aspect-ratio\"><div class=\"wp-block-embed__wrapper\">\n<div class=\"video-container\"><iframe loading=\"lazy\" title=\"TBMM BA\u015eKAN VEK\u0130L\u0130 BOZDA\u011e, HARRAN&#039;DA CUMHUR \u0130TT\u0130FAKI GAL\u0130P GELECEKT\u0130R\" width=\"500\" height=\"281\" src=\"https:\/\/www.youtube.com\/embed\/iMljumkqqvY?feature=oembed&#038;wmode=opaque\" frameborder=\"0\" allow=\"accelerometer; autoplay; clipboard-write; encrypted-media; gyroscope; picture-in-picture; web-share\" allowfullscreen><\/iframe><\/div>\n<\/div><\/figure>\n","protected":false},"excerpt":{"rendered":"<p>Cumhur \u0130ttifak\u0131 Harran Belediye Ba\u015fkan\u0131 Mahmut \u00d6zyavuz&#8217;un Cumhur Odas\u0131nda a\u011f\u0131rlad\u0131\u011f\u0131, TBMM Ba\u015fkanvekili ve AK Parti \u015eanl\u0131urfa Milletvekili Bekir Bozda\u011f, Harranl\u0131 vatanda\u015flarla bir araya geldi. 31 Mart yerel se\u00e7imlerinde Cumhur \u0130ttifak\u0131 Harran Belediye Ba\u015fkan\u0131 Mahmut&#46;&#46;&#46;<\/p>\n","protected":false},"author":1,"featured_media":25169,"comment_status":"open","ping_status":"open","sticky":false,"template":"","format":"standard","meta":[],"categories":[50,1,266,59],"tags":[],"_links":{"self":[{"href":"http:\/\/www.belediyeler.net\/index.php?rest_route=\/wp\/v2\/posts\/25168"}],"collection":[{"href":"http:\/\/www.belediyeler.net\/index.php?rest_route=\/wp\/v2\/posts"}],"about":[{"href":"http:\/\/www.belediyeler.net\/index.php?rest_route=\/wp\/v2\/types\/post"}],"author":[{"embeddable":true,"href":"http:\/\/www.belediyeler.net\/index.php?rest_route=\/wp\/v2\/users\/1"}],"replies":[{"embeddable":true,"href":"http:\/\/www.belediyeler.net\/index.php?rest_route=%2Fwp%2Fv2%2Fcomments&post=25168"}],"version-history":[{"count":1,"href":"http:\/\/www.belediyeler.net\/index.php?rest_route=\/wp\/v2\/posts\/25168\/revisions"}],"predecessor-version":[{"id":25170,"href":"http:\/\/www.belediyeler.net\/index.php?rest_route=\/wp\/v2\/posts\/25168\/revisions\/25170"}],"wp:featuredmedia":[{"embeddable":true,"href":"http:\/\/www.belediyeler.net\/index.php?rest_route=\/wp\/v2\/media\/25169"}],"wp:attachment":[{"href":"http:\/\/www.belediyeler.net\/index.php?rest_route=%2Fwp%2Fv2%2Fmedia&parent=25168"}],"wp:term":[{"taxonomy":"category","embeddable":true,"href":"http:\/\/www.belediyeler.net\/index.php?rest_route=%2Fwp%2Fv2%2Fcategories&post=25168"},{"taxonomy":"post_tag","embeddable":true,"href":"http:\/\/www.belediyeler.net\/index.php?rest_route=%2Fwp%2Fv2%2Ftags&post=25168"}],"curies":[{"name":"wp","href":"https:\/\/api.w.org\/{rel}","templated":true}]}}