{"id":25272,"date":"2024-03-29T15:07:49","date_gmt":"2024-03-29T12:07:49","guid":{"rendered":"http:\/\/www.belediyeler.net\/?p=25272"},"modified":"2024-03-29T15:07:51","modified_gmt":"2024-03-29T12:07:51","slug":"ysk-baskani-yener-31-mart-2024-tarihinde-gerceklesecek-secimlere-hazir-vaziyetteyiz","status":"publish","type":"post","link":"http:\/\/www.belediyeler.net\/?p=25272","title":{"rendered":"YSK Ba\u015fkan\u0131 Yener: 31 Mart 2024 tarihinde ger\u00e7ekle\u015fecek se\u00e7imlere haz\u0131r vaziyetteyiz"},"content":{"rendered":"\n<figure class=\"wp-block-image\"><img src=\"https:\/\/www.aa.com.tr\/uploads\/userFiles\/c9f1ae26-3cf3-4ab4-9d72-230dedd01a4c\/AA-34126178.jpg\" alt=\"\"\/><\/figure>\n\n\n\n<p>Y\u00fcksek Se\u00e7im Kurulu (YSK) Ba\u015fkan\u0131 Ahmet Yener, &#8220;Y\u00fcksek Se\u00e7im Kurulu il ve il\u00e7e se\u00e7im kurullar\u0131 son haz\u0131rl\u0131klar\u0131n\u0131 yapm\u0131\u015f ve \u015fu an itibariyle 31 Mart 2024 tarihinde ger\u00e7ekle\u015fecek olan se\u00e7imlere haz\u0131r vaziyetteyiz.&#8221; dedi.<\/p>\n\n\n\n<p>Yener, YSK&#8217;yi ziyaret eden Avrupa Konseyi Yerel ve B\u00f6lgesel Y\u00f6netimler Kongresi Se\u00e7im G\u00f6zlem Misyonu heyetini a\u011f\u0131rlad\u0131ktan sonra, bas\u0131n mensuplar\u0131n\u0131n sorular\u0131n\u0131 yan\u0131tlad\u0131.<\/p>\n\n\n\n<p>Mahalli \u0130dareler Genel Se\u00e7imleri s\u00fcrecine ili\u015fkin \u00e7al\u0131\u015fmalar\u0131n ne durumda oldu\u011funa dair soru \u00fczerine Yener, &#8220;31 Mart 2024&#8217;te ger\u00e7ekle\u015fecek olan se\u00e7imlerle ilgili olarak Y\u00fcksek Se\u00e7im Kurulu il ve il\u00e7e se\u00e7im kurullar\u0131 son haz\u0131rl\u0131klar\u0131n\u0131 yapm\u0131\u015f ve \u015fu an itibariyle 31 Mart 2024 tarihinde ger\u00e7ekle\u015fecek olan se\u00e7imlere haz\u0131r vaziyetteyiz.&#8221; diye konu\u015ftu.<\/p>\n\n\n\n<p>Yener, se\u00e7imlerin T\u00fcrk halk\u0131na ve demokrasiye hay\u0131rl\u0131 olmas\u0131n\u0131 dileyerek, &#8220;Bug\u00fcn de Y\u00fcksek Se\u00e7im Kurulu&#8217;nda, ziyarete gelen Avrupa Parlamentosu&#8217;ndan heyeti a\u011f\u0131rlad\u0131k. Onlarla kar\u015f\u0131l\u0131kl\u0131 fikir al\u0131\u015fveri\u015finde bulunduk. \u015eu an i\u00e7in bizler ve t\u00fcm \u00fclke se\u00e7imlere haz\u0131r. Sa\u011fl\u0131k huzurlu bir se\u00e7im ortam\u0131 diliyoruz. Sorunsuz bir \u015fekilde se\u00e7imlerin tamamlanaca\u011f\u0131n\u0131 umuyoruz.&#8221; ifadelerini kulland\u0131.<\/p>\n\n\n\n<p>YSK Ba\u015fkan\u0131 Yener, 31 Mart 2019 Pazar g\u00fcn\u00fc yap\u0131lan Mahalli \u0130dareler Genel Se\u00e7imleri&#8217;nde \u0130stanbul B\u00fcy\u00fck\u015fehir Belediye Ba\u015fkanl\u0131\u011f\u0131 se\u00e7iminin YSK taraf\u0131ndan iptal edildi\u011fi hat\u0131rlat\u0131larak, bu se\u00e7imlerde ayn\u0131 durumun ya\u015fanmamas\u0131 i\u00e7in al\u0131nan g\u00fcvenlik \u00f6nlemlerine ili\u015fkin soruyu da \u015fu an itibar\u0131yla il ve il\u00e7e se\u00e7im kurullar\u0131yla \u00fclke \u00e7ap\u0131nda se\u00e7imlerin g\u00fcvenli, sa\u011fl\u0131kl\u0131 ve huzurlu bir ortamda ger\u00e7ekle\u015fmesi i\u00e7in t\u00fcm tedbirlerin al\u0131nd\u0131\u011f\u0131n\u0131 s\u00f6yledi.<\/p>\n\n\n\n<p>Yener, &#8220;Bundan sonra vatanda\u015flar\u0131m\u0131z\u0131n da 31 Mart 2024 tarihinde sand\u0131\u011fa gidip oylar\u0131n\u0131 kullanmalar\u0131n\u0131 diliyoruz. \u015eu an i\u00e7in s\u00f6yleyeceklerimiz bunlardan ibarettir. Biz son iki g\u00fcnde \u00e7al\u0131\u015fmalar\u0131m\u0131za ve kurul toplant\u0131m\u0131za devam ediyoruz.&#8221; dedi.<\/p>\n\n\n\n<h3>\u0130ftar vaktindeki oy say\u0131m ve d\u00f6k\u00fcm \u00e7al\u0131\u015fmalar\u0131<\/h3>\n\n\n\n<p>YSK&#8217;nin, 31 Mart&#8217;taki Mahalli \u0130dareler Genel Se\u00e7imleri&#8217;nin &#8220;oy say\u0131m ve d\u00f6k\u00fcm i\u015flemlerinin aral\u0131ks\u0131z yap\u0131lmas\u0131 gerekti\u011fini&#8221; bildirmesine ili\u015fkin karar\u0131 hat\u0131rlat\u0131lan Yener, 1973&#8217;deki se\u00e7imlerin de ramazan ay\u0131na denk geldi\u011fini hat\u0131rlatt\u0131.<\/p>\n\n\n\n<p>YSK&#8217;nin se\u00e7im mevzuat\u0131n\u0131 ve yasalar\u0131 uygulamakla y\u00fck\u00fcml\u00fc bir kurum oldu\u011funu bildiren Yener, \u015funlar\u0131 kaydetti:<\/p>\n\n\n\n<p>&#8220;Yasal d\u00fczenleme de &#8216;se\u00e7im, i\u015f ve i\u015flemlerinin aral\u0131ks\u0131z devam edece\u011fini&#8217; d\u00fczenledi\u011fi i\u00e7in Y\u00fcksek Se\u00e7im Kurulu da d\u00fcn alm\u0131\u015f oldu\u011fu kararda, se\u00e7imler bittikten sonraki &#8216;oy say\u0131m ve d\u00f6k\u00fcm i\u015flemlerine ara vermeksizin devam edilmesi gerekti\u011fini&#8217; h\u00fck\u00fcm alt\u0131na alm\u0131\u015f ve bu konuda il ve il\u00e7e se\u00e7im kurullar\u0131n\u0131n sand\u0131k kurullar\u0131n\u0131n teredd\u00fctlerini gidermi\u015ftir. Bu durumda ramazan ay\u0131nda oru\u00e7lu sand\u0131k g\u00f6revlilerinin herhangi bir zorlukla kar\u015f\u0131la\u015faca\u011f\u0131 sonucunun \u00e7\u0131kar\u0131lmamas\u0131 gerekir. Biz inan\u0131yoruz ki t\u00fcm siyasi partilerimiz sand\u0131k g\u00f6revlilerinin bu konudaki ihtiya\u00e7lar\u0131n\u0131 gidereceklerdir. Ayn\u0131 zamanda da oy say\u0131m i\u015flemleri aral\u0131ks\u0131z devam edecektir.&#8221;<\/p>\n","protected":false},"excerpt":{"rendered":"<p>Y\u00fcksek Se\u00e7im Kurulu (YSK) Ba\u015fkan\u0131 Ahmet Yener, &#8220;Y\u00fcksek Se\u00e7im Kurulu il ve il\u00e7e se\u00e7im kurullar\u0131 son haz\u0131rl\u0131klar\u0131n\u0131 yapm\u0131\u015f ve \u015fu an itibariyle 31 Mart 2024 tarihinde ger\u00e7ekle\u015fecek olan se\u00e7imlere haz\u0131r vaziyetteyiz.&#8221; dedi. Yener, YSK&#8217;yi&#46;&#46;&#46;<\/p>\n","protected":false},"author":1,"featured_media":25273,"comment_status":"open","ping_status":"open","sticky":false,"template":"","format":"standard","meta":[],"categories":[50,1,51],"tags":[],"_links":{"self":[{"href":"http:\/\/www.belediyeler.net\/index.php?rest_route=\/wp\/v2\/posts\/25272"}],"collection":[{"href":"http:\/\/www.belediyeler.net\/index.php?rest_route=\/wp\/v2\/posts"}],"about":[{"href":"http:\/\/www.belediyeler.net\/index.php?rest_route=\/wp\/v2\/types\/post"}],"author":[{"embeddable":true,"href":"http:\/\/www.belediyeler.net\/index.php?rest_route=\/wp\/v2\/users\/1"}],"replies":[{"embeddable":true,"href":"http:\/\/www.belediyeler.net\/index.php?rest_route=%2Fwp%2Fv2%2Fcomments&post=25272"}],"version-history":[{"count":1,"href":"http:\/\/www.belediyeler.net\/index.php?rest_route=\/wp\/v2\/posts\/25272\/revisions"}],"predecessor-version":[{"id":25274,"href":"http:\/\/www.belediyeler.net\/index.php?rest_route=\/wp\/v2\/posts\/25272\/revisions\/25274"}],"wp:featuredmedia":[{"embeddable":true,"href":"http:\/\/www.belediyeler.net\/index.php?rest_route=\/wp\/v2\/media\/25273"}],"wp:attachment":[{"href":"http:\/\/www.belediyeler.net\/index.php?rest_route=%2Fwp%2Fv2%2Fmedia&parent=25272"}],"wp:term":[{"taxonomy":"category","embeddable":true,"href":"http:\/\/www.belediyeler.net\/index.php?rest_route=%2Fwp%2Fv2%2Fcategories&post=25272"},{"taxonomy":"post_tag","embeddable":true,"href":"http:\/\/www.belediyeler.net\/index.php?rest_route=%2Fwp%2Fv2%2Ftags&post=25272"}],"curies":[{"name":"wp","href":"https:\/\/api.w.org\/{rel}","templated":true}]}}