{"id":25284,"date":"2024-03-29T12:25:00","date_gmt":"2024-03-29T09:25:00","guid":{"rendered":"http:\/\/www.belediyeler.net\/?p=25284"},"modified":"2024-04-02T12:27:40","modified_gmt":"2024-04-02T09:27:40","slug":"bakan-bozdag-bu-is-bitmistir-baskanimiz-mahmut-ozyavuzdur","status":"publish","type":"post","link":"http:\/\/www.belediyeler.net\/?p=25284","title":{"rendered":"BAKAN BOZDA\u011e: BU \u0130\u015e B\u0130TM\u0130\u015eT\u0130R BA\u015eKANIMIZ MAHMUT \u00d6ZYAVUZ\u2019DUR"},"content":{"rendered":"\n<figure class=\"wp-block-image size-full\"><a href=\"http:\/\/www.belediyeler.net\/wp-content\/uploads\/2024\/04\/harran-29.jpg\"><img loading=\"lazy\" width=\"1024\" height=\"683\" src=\"http:\/\/www.belediyeler.net\/wp-content\/uploads\/2024\/04\/harran-29.jpg\" alt=\"\" class=\"wp-image-25285\" srcset=\"http:\/\/www.belediyeler.net\/wp-content\/uploads\/2024\/04\/harran-29.jpg 1024w, http:\/\/www.belediyeler.net\/wp-content\/uploads\/2024\/04\/harran-29-300x200.jpg 300w, http:\/\/www.belediyeler.net\/wp-content\/uploads\/2024\/04\/harran-29-768x512.jpg 768w\" sizes=\"(max-width: 1024px) 100vw, 1024px\" \/><\/a><\/figure>\n\n\n\n<p>TBMM Ba\u015fkanvekili ve \u015eanl\u0131urfa Milletvekili Bekir&nbsp;Bozda\u011f, Harran Cumhur Odas\u0131n\u0131 t\u0131ka basa dolduran Harranl\u0131 hem\u015fehrileriyle bir araya geldi.<\/p>\n\n\n\n<p>31 Mart yerel se\u00e7imlerine say\u0131l\u0131 g\u00fcnler kal\u0131rken,&nbsp;TBMM Ba\u015fkanvekili ve \u015eanl\u0131urfa Milletvekili Bekir&nbsp;Bozda\u011f\u2019\u0131n d\u00fcn ak\u015famki dura\u011f\u0131 Harran il\u00e7esi oldu. Harran Belediye Ba\u015fkan\u0131 ve Belediye Ba\u015fkan Aday\u0131 Mahmut \u00d6zyavuz, MHP \u015eanl\u0131urfa \u0130l Ba\u015fkan\u0131 Mahmut G\u00fcne\u015f, MHP Harran&nbsp;\u0130l\u00e7e Ba\u015fkan\u0131 Halit \u00d6zyavuz&nbsp;ve b\u00fcy\u00fck bir kalabal\u0131k olu\u015fturan Harranl\u0131larla bir araya gelen Bekir Bozda\u011f, Harran\u2019\u0131n Cumhura olan inanc\u0131 tamd\u0131r. Harran\u2019da i\u015f bitmi\u015ftir dedi.<\/p>\n\n\n\n<p>G\u00f6reve geldi\u011fimiz g\u00fcnden beri Hi\u00e7bir zaman \u015fahsi ihtiraslara kap\u0131lmad\u0131k. \u015eahsi ihtiraslar bizim i\u015fimiz de\u011fil diyen Harran Belediye Ba\u015fkan\u0131 ve Cumhur ittifak\u0131 aday\u0131 Mahmut \u00d6zyavuz: \u015eu g\u00f6rev bizim, bu g\u00f6rev bu kurumum Kaymakaml\u0131\u011f\u0131n i\u015fi, Bakanl\u0131\u011f\u0131&#8217;n\u0131n i\u015fi, K\u00fclt\u00fcr Bakanl\u0131\u011f\u0131&#8217;n\u0131n i\u015fi, Maliye Bakanl\u0131\u011f\u0131&#8217;n\u0131n i\u015fi, B\u00fcy\u00fck\u015fehir&#8217;in i\u015fi demeden, ayr\u0131m gayr\u0131m yapmadan, canla ba\u015fla hepsini g\u00f6rev olarak \u00fcstlendik. Harran i\u00e7in \u00e7al\u0131\u015ft\u0131k ve \u00e7al\u0131\u015fmaya devam edece\u011fiz.&nbsp;A\u00e7\u0131klamas\u0131nda bulundu.<\/p>\n\n\n\n<p>TBMM Ba\u015fkanvekili ve \u015eanl\u0131urfa Milletvekili Bekir&nbsp;Bozda\u011f:&nbsp;\u015eanl\u0131urfa&#8217;m\u0131za \u015eanl\u0131urfa alan ba\u015fkanl\u0131\u011f\u0131 ad\u0131 alt\u0131nda bir ba\u015fkanl\u0131k kuruyoruz. Bunun i\u00e7inde ne var? Bunun i\u00e7inde Harran var. Bunun i\u00e7inde kentsel d\u00f6n\u00fc\u015f\u00fcm var. &nbsp;Bal\u0131kl\u0131g\u00f6l var. Harran&#8217;n\u0131n bu tarihi k\u00fclt\u00fcrel, manevi miras\u0131n\u0131 daha etkin bir \u015fekilde korumak, tan\u0131tmak, muhafaza etmek, aramak, taramak, bulmak, ihya, imar, in\u015fa yapmak ve gelecek nesillere aktarmak i\u00e7in m\u00fcstakil bir ba\u015fkanl\u0131k kuruyoruz.<\/p>\n\n\n\n<p>Bu ba\u015fkanl\u0131\u011f\u0131n kendi \u00f6zel b\u00fct\u00e7esi olacak, kendi personeli olacak, kendi uzmanlar\u0131 olacak hem g\u00fcvenli\u011fini hem temizli\u011fini hem de teknik y\u00f6nlerini kendi uzmanlar\u0131 eliyle halledecek valili\u011fe, belediyeye efendim kaymakamla herhangi bir bakanl\u0131\u011fa ihtiya\u00e7 duymadan kendi b\u00fct\u00e7esiyle kendi i\u015fini yapacak. Ve bunda da en b\u00fcy\u00fck pay\u0131n Haran oldu\u011funu \u00f6zellikle bilmenizi istiyorum. Bu alanda da b\u00fcy\u00fck bir de\u011fi\u015fime, b\u00fcy\u00fck bir geli\u015fmeye sahne olacakt\u0131r. Harran&#8217;n\u0131n hastanesini ba\u015fkan\u0131m anlatm\u0131\u015ft\u0131r. Sa\u011f olsun destek verdi ba\u015fkan\u0131m\u0131z. Yer geni\u015fledi, sorun \u00e7\u00f6z\u00fcld\u00fc. Hastanemiz in\u015fallah k\u0131sa s\u00fcrede hizmetinizde olacak. Bunlar\u0131 ni\u00e7in anlat\u0131yorum? Bizim i\u015fimiz hizmet g\u00fcc\u00fcm\u00fcz millet. Biz eserlerle konu\u015fuyoruz. Yapt\u0131klar\u0131m\u0131zla yapacaklar\u0131m\u0131zla konu\u015fuyoruz. Onun i\u00e7in diyorum ki \u015eanl\u0131urfa\u2019ya ta\u015f \u00fcst\u00fcne ta\u015f koyanlar varsa burada.<\/p>\n\n\n\n<p>Allah&#8217;\u0131n izniyle in\u015fallah \u015eanl\u0131urfa\u2019m\u0131z\u0131n sorunlar\u0131n\u0131 \u00e7\u00f6zmek i\u00e7in gece g\u00fcnd\u00fcz ko\u015fmakta kararl\u0131y\u0131z. Mahmut Ba\u015fkan gen\u00e7li\u011fiyle dinamizmiyle bir d\u00f6nem edindi\u011fi tecr\u00fcbesiyle ben inan\u0131yorum ki ikinci d\u00f6neminde birinci d\u00f6nemden daha b\u00fcy\u00fck ba\u015far\u0131 ortaya koyaca\u011f\u0131z.<\/p>\n\n\n\n<figure class=\"wp-block-embed is-type-video is-provider-youtube wp-block-embed-youtube wp-embed-aspect-16-9 wp-has-aspect-ratio\"><div class=\"wp-block-embed__wrapper\">\n<div class=\"video-container\"><iframe loading=\"lazy\" title=\"BAKAN BOZDA\u011e BU \u0130\u015e B\u0130TM\u0130\u015eT\u0130R BA\u015eKANIMIZ MAHMUT \u00d6ZYAVUZ\u2019DUR\" width=\"500\" height=\"281\" src=\"https:\/\/www.youtube.com\/embed\/rC2MBXeRMus?feature=oembed&#038;wmode=opaque\" frameborder=\"0\" allow=\"accelerometer; autoplay; clipboard-write; encrypted-media; gyroscope; picture-in-picture; web-share\" referrerpolicy=\"strict-origin-when-cross-origin\" allowfullscreen><\/iframe><\/div>\n<\/div><\/figure>\n","protected":false},"excerpt":{"rendered":"<p>TBMM Ba\u015fkanvekili ve \u015eanl\u0131urfa Milletvekili Bekir&nbsp;Bozda\u011f, Harran Cumhur Odas\u0131n\u0131 t\u0131ka basa dolduran Harranl\u0131 hem\u015fehrileriyle bir araya geldi. 31 Mart yerel se\u00e7imlerine say\u0131l\u0131 g\u00fcnler kal\u0131rken,&nbsp;TBMM Ba\u015fkanvekili ve \u015eanl\u0131urfa Milletvekili Bekir&nbsp;Bozda\u011f\u2019\u0131n d\u00fcn ak\u015famki dura\u011f\u0131 Harran il\u00e7esi&#46;&#46;&#46;<\/p>\n","protected":false},"author":1,"featured_media":25285,"comment_status":"open","ping_status":"open","sticky":false,"template":"","format":"standard","meta":[],"categories":[50,1,266,59],"tags":[],"_links":{"self":[{"href":"http:\/\/www.belediyeler.net\/index.php?rest_route=\/wp\/v2\/posts\/25284"}],"collection":[{"href":"http:\/\/www.belediyeler.net\/index.php?rest_route=\/wp\/v2\/posts"}],"about":[{"href":"http:\/\/www.belediyeler.net\/index.php?rest_route=\/wp\/v2\/types\/post"}],"author":[{"embeddable":true,"href":"http:\/\/www.belediyeler.net\/index.php?rest_route=\/wp\/v2\/users\/1"}],"replies":[{"embeddable":true,"href":"http:\/\/www.belediyeler.net\/index.php?rest_route=%2Fwp%2Fv2%2Fcomments&post=25284"}],"version-history":[{"count":1,"href":"http:\/\/www.belediyeler.net\/index.php?rest_route=\/wp\/v2\/posts\/25284\/revisions"}],"predecessor-version":[{"id":25286,"href":"http:\/\/www.belediyeler.net\/index.php?rest_route=\/wp\/v2\/posts\/25284\/revisions\/25286"}],"wp:featuredmedia":[{"embeddable":true,"href":"http:\/\/www.belediyeler.net\/index.php?rest_route=\/wp\/v2\/media\/25285"}],"wp:attachment":[{"href":"http:\/\/www.belediyeler.net\/index.php?rest_route=%2Fwp%2Fv2%2Fmedia&parent=25284"}],"wp:term":[{"taxonomy":"category","embeddable":true,"href":"http:\/\/www.belediyeler.net\/index.php?rest_route=%2Fwp%2Fv2%2Fcategories&post=25284"},{"taxonomy":"post_tag","embeddable":true,"href":"http:\/\/www.belediyeler.net\/index.php?rest_route=%2Fwp%2Fv2%2Ftags&post=25284"}],"curies":[{"name":"wp","href":"https:\/\/api.w.org\/{rel}","templated":true}]}}