{"id":25293,"date":"2024-09-10T12:03:25","date_gmt":"2024-09-10T09:03:25","guid":{"rendered":"http:\/\/www.belediyeler.net\/?p=25293"},"modified":"2024-09-10T12:03:29","modified_gmt":"2024-09-10T09:03:29","slug":"mhpli-durmaz-algilarla-degil-olgularla-belediyecilik-yapiyoruz","status":"publish","type":"post","link":"http:\/\/www.belediyeler.net\/?p=25293","title":{"rendered":"MHP\u2019li Durmaz: Alg\u0131larla de\u011fil olgularla belediyecilik yap\u0131yoruz"},"content":{"rendered":"\n<figure class=\"wp-block-image size-full\"><a href=\"http:\/\/www.belediyeler.net\/wp-content\/uploads\/2024\/09\/tefenni-2.webp\"><img loading=\"lazy\" width=\"760\" height=\"507\" src=\"http:\/\/www.belediyeler.net\/wp-content\/uploads\/2024\/09\/tefenni-2.webp\" alt=\"\" class=\"wp-image-25294\" srcset=\"http:\/\/www.belediyeler.net\/wp-content\/uploads\/2024\/09\/tefenni-2.webp 760w, http:\/\/www.belediyeler.net\/wp-content\/uploads\/2024\/09\/tefenni-2-300x200.webp 300w\" sizes=\"(max-width: 760px) 100vw, 760px\" \/><\/a><\/figure>\n\n\n\n<p>MHP Genel Ba\u015fkan Yard\u0131mc\u0131s\u0131 Sadir Durmaz, Tefenni Belediyesi Toplu A\u00e7\u0131l\u0131\u015f T\u00f6reni\u2019nde konu\u015ftu, \u201cBiz Milliyet\u00e7i Hareket Partisi olarak; Alg\u0131larla de\u011fil olgularla belediyecilik yap\u0131yoruz. Se\u00e7im d\u00f6nemi s\u00f6z verip, se\u00e7im sonu unutmuyoruz.\u201d Dedi.<\/p>\n\n\n\n<p>MHP Genel Ba\u015fkan Yard\u0131mc\u0131s\u0131 ve Ankara Milletvekili Sadir Durmaz, Tefenni Belediyesi Toplu A\u00e7\u0131l\u0131\u015f T\u00f6reni\u2019nde \u00f6nemli a\u00e7\u0131klamalarda bulundu.&nbsp;<strong>\u201cBiz Milliyet\u00e7i Hareket Partisi olarak; Alg\u0131larla de\u011fil olgularla belediyecilik yap\u0131yoruz. Se\u00e7im d\u00f6nemi s\u00f6z verip, se\u00e7im sonu unutmuyoruz. \u00dclkemizin birli\u011fini, milletimizin dirli\u011fini hedef alan ter\u00f6r iltisakl\u0131 yap\u0131larla i\u015f birli\u011fi yap\u0131p se\u00e7im sonras\u0131 \u00f6denen diyetlerle \u015fehirlerimizin kaderiyle oynam\u0131yoruz. Koltuk u\u011fruna vars\u0131n devlet d\u00fc\u015fs\u00fcn demiyoruz, demeyece\u011fiz!\u201d&nbsp;<\/strong>ifadelerini kulland\u0131.&nbsp;<\/p>\n\n\n\n<p><strong>MHP\u2019li Sadir Durmaz\u2019\u0131n konu\u015fmas\u0131n\u0131n tamam\u0131:<\/strong><\/p>\n\n\n\n<p>Sayg\u0131de\u011fer Protokol, Aziz Dava Arkada\u015flar\u0131m, Muhterem Tefennili Hem\u015ferilerimiz;<\/p>\n\n\n\n<p>Tefenni \u0130l\u00e7emizin \u00e7ehresini de\u011fi\u015ftirecek, il\u00e7e ad\u0131na katma de\u011fer \u00fcretecek birbirinden \u00f6nemli 9 projenin a\u00e7\u0131l\u0131\u015f\u0131 i\u00e7in 9\u2019uncuay\u0131n9\u2019unda sizlerle bir araya gelmi\u015f bulunuyoruz.<\/p>\n\n\n\n<p>Bu vesileyle hepinize ho\u015f geldiniz diyor, sayg\u0131 ve muhabbetlerimi sunuyorum.<\/p>\n\n\n\n<p>S\u00f6zlerimin ba\u015f\u0131nda, Genel Ba\u015fkan\u0131m\u0131z Say\u0131n Devlet BAH\u00c7EL\u0130 beyefendinin de selam ve muhabbetlerini iletmek istiyorum.<\/p>\n\n\n\n<p>Aziz ve \u00c7ok K\u0131ymetli Tefennili Hem\u015ferilerim;<\/p>\n\n\n\n<p>Benim i\u00e7in apayr\u0131 bir yeri olan Tefenni il\u00e7emiz, tarihi ve k\u00fclt\u00fcrel de\u011ferleriyle m\u00fcstesna, g\u00f6z\u00fc de g\u00f6nl\u00fc de bol insanlar\u0131m\u0131z\u0131n diyar\u0131d\u0131r.<\/p>\n\n\n\n<p>Benim i\u00e7in apayr\u0131d\u0131r \u00e7\u00fcnk\u00fc ge\u00e7mi\u015fte, memuriyet hayat\u0131mda m\u00fcfetti\u015f olarak g\u00f6rev yapt\u0131\u011f\u0131m, e\u015fsiz havas\u0131n\u0131 soluyup, \u015fifa dolu suyundan i\u00e7ti\u011fim; hat\u0131r bilen, misafirperver insanlar\u0131yla hemhal oldu\u011fum bu bereketli topraklar\u0131 unutmak m\u00fcmk\u00fcn de\u011fildir.<\/p>\n\n\n\n<p>Tefenni\u2019nin her soka\u011f\u0131nda samimiyet, her hanesinde helal kazan\u00e7 vard\u0131r.<\/p>\n\n\n\n<p>D\u00fc\u015fman aya\u011f\u0131 de\u011fmeyen nadir yerlerimizden birisi olmas\u0131na ra\u011fmen, stratejik konumu itibar\u0131yla \u00f6zellikle Akdeniz b\u00f6lgesindeki d\u00fc\u015fman i\u015fgallerine kar\u015f\u0131 T\u00fcrk Milletinin adeta direni\u015f merkezi olmu\u015ftur.<\/p>\n\n\n\n<p>Bu anlamda yi\u011fit Tefennililer, milli m\u00fccadeleye g\u00f6n\u00fcll\u00fc kat\u0131larak hem cepheye ko\u015fmu\u015f, elinde avucunda ne varsa seferber ederek cephe gerisinde lojistik destek de vermi\u015ftir.<\/p>\n\n\n\n<p>Bunun yan\u0131 s\u0131ra Tefenni halk\u0131, i\u015fgaller sonucu Anadolu\u2019nun her yerinden gelen insanlara yard\u0131m eli uzat\u0131p hanelerini a\u00e7arak milli m\u00fccadeleye olan inan\u00e7lar\u0131n\u0131 ve dayan\u0131\u015fma ruhunu ortaya koymu\u015ftur.<\/p>\n\n\n\n<p>Kurtulu\u015f Sava\u015f\u0131 boyunca g\u00f6sterilen bu dayan\u0131\u015fma, Tefenni\u2019nin milli direni\u015f ruhunun bir yans\u0131mas\u0131d\u0131r.<\/p>\n\n\n\n<p>T\u00fcm bunlar\u0131n sonucunda yi\u011fitler diyar\u0131 Tefenni, milli direni\u015fin simge yerle\u015fim yerlerinden biri haline gelmi\u015f, Cumhuriyet\u2019in ilan\u0131yla birlikte de bu onurlu ge\u00e7mi\u015fini gururla ta\u015f\u0131maya devam etmi\u015ftir.<\/p>\n\n\n\n<p>Hamdolsun Tefennililerin milli bilinci nesilden nesile aktar\u0131lm\u0131\u015f, bug\u00fcn de t\u00fcm canl\u0131l\u0131\u011f\u0131yla ya\u015famaktad\u0131r.<br>B\u00f6yle destans\u0131 bir tarihin \u015fehrine, bu topraklar\u0131n vefak\u00e2r ve cefak\u00e2r insanlar\u0131na elbette hizmetlerin en iyisi, en g\u00fczeli yak\u0131\u015f\u0131r.<\/p>\n\n\n\n<p>Bizler de bunun i\u00e7in \u00e7al\u0131\u015f\u0131yor, bu kutlu vazifenin gere\u011fini yap\u0131yoruz.<\/p>\n\n\n\n<p>\u0130\u015fte bug\u00fcn burada, Tefenni\u2019mizin geli\u015fimi ad\u0131na \u00f6nemli bir ad\u0131m\u0131n daha at\u0131lmas\u0131na \u015fahitlik etmek \u00fczere bir araya geldik.<\/p>\n\n\n\n<p>Bu Toplu A\u00e7\u0131l\u0131\u015f program\u0131, sadece bir binan\u0131n, park\u0131n ya da tesisin kap\u0131lar\u0131n\u0131 a\u00e7maktan ibaret de\u011fildir.<br>Bu program, Tefenni\u2019mizin gelece\u011fine yap\u0131lan yat\u0131r\u0131mlarla birlikte Tefenni halk\u0131n\u0131n, daha huzurlu, daha mutlu bir ya\u015fam s\u00fcrebilmesi ad\u0131na kapsaml\u0131 ve \u00f6nemli bir ad\u0131md\u0131r.<\/p>\n\n\n\n<p>A\u00e7\u0131l\u0131\u015flar\u0131n\u0131 ger\u00e7ekle\u015ftirece\u011fimiz projelerin, Tefenni\u2019mizin sosyal ve ekonomik yap\u0131s\u0131na katk\u0131 sa\u011flayaca\u011f\u0131 muhakkakt\u0131r.<\/p>\n\n\n\n<p>Yi\u011fitler Diyar\u0131 Tefennili Hem\u015ferilerim;<\/p>\n\n\n\n<p>Hepimizin bildi\u011fi gibi, \u015fehirler sadece binalarla de\u011fil, o binalar\u0131n i\u00e7ini dolduran insanlar\u0131n huzuruyla, mutlulu\u011fuyla b\u00fcy\u00fcr ve geli\u015fir.<\/p>\n\n\n\n<p>Bu y\u00fczden Milliyet\u00e7i Hareket Partisi olarak, her projede \u00f6nceli\u011fimiz, insan odakl\u0131 bir yakla\u015f\u0131m\u0131 benimsemek olmu\u015ftur.<\/p>\n\n\n\n<p>Sizlerle do\u011frudan temas\u0131m\u0131z\u0131n ilk yeri olan belediyelerimiz; 24 saat a\u00e7\u0131k kap\u0131, uzat\u0131lan elin geri \u00e7evirmeyen c\u00f6mertlik demektir.<\/p>\n\n\n\n<p>Belediye demek, hakka h\u00fcrmet, halka hizmet, hakikate riayet demektir.<\/p>\n\n\n\n<p>Ayn\u0131 zamanda Belediye demek, \u015fehri g\u00fczelle\u015ftirirken, g\u00f6n\u00fclden g\u00f6n\u00fcle girmek demektir.<br>Hamdolsun, Tefenni\u2019de g\u00f6n\u00fcllere girmi\u015f, \u015fehrin emini olmay\u0131 ba\u015farabilmi\u015f bir belediye ba\u015fkan\u0131m\u0131z var.<\/p>\n\n\n\n<p>\u00d6nce verdi\u011finiz destek dolay\u0131s\u0131yla sizlere, sonra da verilen deste\u011fi bo\u015fa \u00e7\u0131karmay\u0131p sizler i\u00e7in \u00e7al\u0131\u015fan belediye ba\u015fkan\u0131m\u0131za, \u00e7al\u0131\u015fma arkada\u015flar\u0131na, te\u015fkilat\u0131m\u0131za, meclis \u00fcyelerimize te\u015fekk\u00fcr ediyorum.<\/p>\n\n\n\n<p>Biz Milliyet\u00e7i Hareket Partisi olarak, yerel y\u00f6netimlerde \u00f6rnek olan \u00dcretken Belediyecilik anlay\u0131\u015f\u0131m\u0131zla idaremiz alt\u0131ndaki belediyelerimizi hizmet a\u011f\u0131yla \u00f6r\u00fcyoruz.<\/p>\n\n\n\n<p>\u00c7\u00fcnk\u00fc biz; ayak bast\u0131\u011f\u0131 her co\u011frafyay\u0131, fethetti\u011fi her yeri adaletiyle y\u00f6neten, nice eserleriyle imar ve ihya eden, vatanla\u015ft\u0131rd\u0131\u011f\u0131 her topra\u011fa adeta hayat g\u00f6t\u00fcren bir medeniyetin temsilcileriyiz.<\/p>\n\n\n\n<p>\u201c\u0130nsan\u0131 ya\u015fat ki devlet ya\u015fas\u0131n\u201d d\u00fcsturuyla, sorumlulu\u011fumuzun sadece bug\u00fcne de\u011fil, ge\u00e7mi\u015fimize ve gelece\u011fimize oldu\u011funun biliyoruz ve buna y\u00f6nelik \u00e7al\u0131\u015f\u0131yoruz.<\/p>\n\n\n\n<p>\u00c7ok Muhterem Tefennili Hem\u015ferilerim;<\/p>\n\n\n\n<p>Biz Milliyet\u00e7i Hareket Partisi olarak;<br>Alg\u0131larla de\u011fil olgularla belediyecilik yap\u0131yoruz.<br>Se\u00e7im d\u00f6nemi s\u00f6z verip, se\u00e7im sonu unutmuyoruz.<\/p>\n\n\n\n<p>\u00dclkemizin birli\u011fini, milletimizin dirli\u011fini hedef alan ter\u00f6r iltisakl\u0131 yap\u0131larla i\u015f birli\u011fi yap\u0131p se\u00e7im sonras\u0131 \u00f6denen diyetlerle \u015fehirlerimizin kaderiyle oynam\u0131yoruz.<\/p>\n\n\n\n<p>Koltuk u\u011fruna vars\u0131n devlet d\u00fc\u015fs\u00fcn demiyoruz, demeyece\u011fiz!<\/p>\n\n\n\n<p>Sizler i\u00e7in \u00e7al\u0131\u015faca\u011f\u0131z, \u00fcretece\u011fiz; ortak de\u011ferlerimiz etraf\u0131nda toplanarak birli\u011fimizi dirli\u011fimizi muhafaza edece\u011fiz.<\/p>\n\n\n\n<p>\u0130\u015fte bug\u00fcn, il\u00e7emiz i\u00e7in \u00e7ok \u00f6nemli 9 projenin a\u00e7\u0131l\u0131\u015f\u0131n\u0131 ger\u00e7ekle\u015ftiriyoruz.<\/p>\n\n\n\n<p>Sadece se\u00e7im d\u00f6neminde de\u011fil, her zaman Tefennili hem\u015ferileriyle bir arada olan Belediye Ba\u015fkan\u0131m\u0131z\u0131n b\u00fcy\u00fck emek sarfetti\u011fi ve Tefenni\u2019ye de\u011fer katacak 9 projenin a\u00e7\u0131l\u0131\u015f\u0131n\u0131 hep birlikte ger\u00e7ekle\u015ftirece\u011fiz.<\/p>\n\n\n\n<p>Bu vesileyle;<\/p>\n\n\n\n<ul><li>Ota\u011f Kongre Merkezi\u2019nin,<\/li><li>Kapal\u0131 Otopark\u0131n<\/li><li>Tefenni Belediyesi AR-GE Merkezinin<\/li><li>Belediye Ek Hizmet Binas\u0131n\u0131n<\/li><li>Belediyemizin 3. Akaryak\u0131t \u0130stasyonunun<\/li><li>Korkut Ata \u00d6\u011frenci Pansiyonunun<\/li><li>Galip Erdo\u011fan Spor Tesislerinin<\/li><li>Tar\u0131msal Kalk\u0131nma Kooperatifinin<\/li><li>Ve, At\u0131k Su Ar\u0131tma Tesisinin Tefenni\u2019ye hay\u0131rl\u0131 u\u011furlu olmas\u0131n\u0131 diliyorum.<\/li><\/ul>\n\n\n\n<p>Ba\u015fta Belediye Ba\u015fkan\u0131m\u0131z Say\u0131n \u00dcmit Alag\u00f6z\u2019e, \u00e7al\u0131\u015fma arkada\u015flar\u0131na, te\u015fkilat\u0131m\u0131za, meclis \u00fcyelerimize, katk\u0131 ve destek veren t\u00fcm kurum ve kurulu\u015flar\u0131m\u0131za tekrar te\u015fekk\u00fcr ediyorum.<br>Co\u015fkulu kat\u0131l\u0131m\u0131n\u0131z ve bizlere verdi\u011finiz destek nedeniyle, siz de\u011ferli Tefennili hem\u015ferilerime \u015f\u00fckranlar\u0131m\u0131 sunuyorum.<\/p>\n\n\n\n<p>Ayr\u0131ca, bug\u00fcn ba\u015flayan, 2024-2025 E\u011fitim \u00d6\u011fretim Y\u0131l\u0131n\u0131n \u00f6\u011frencilerimize, \u00f6\u011fretmenlerimize, velilerimize Tefenni\u2019mize ve \u00fclkemize hay\u0131rl\u0131 u\u011furlu olmas\u0131n\u0131 diliyor, hepsine ba\u015far\u0131lar diliyorum.<br>T\u00fcrkiye Cumhuriyeti ya\u015fayacak, T\u00fcrk ve T\u00fcrkiye Y\u00fczy\u0131l\u0131n\u0131n destan\u0131 yaz\u0131lacak, T\u00fcrk vatan\u0131 sonsuza kadar var olacakt\u0131r.<\/p>\n\n\n\n<p>S\u00f6zlerimi ozanlar piri Dede Korkut\u2019un deyi\u015fiyle bitirmek istiyorum;<\/p>\n\n\n\n<p>\u201cDevletli o\u011ful olsa oca\u011f\u0131n\u0131n korudur.<br>O\u011ful da neylesin, baba \u00f6l\u00fcp mal kalmasa.<br>Baba mal\u0131ndan ne fayda, ba\u015fta devlet olmasa.\u201d<br>Allah \u201cDEVLET\u201dimizi ba\u015f\u0131m\u0131zdan eksik etmesin, T\u00fcrk milleti ebediyyen var olsun.<\/p>\n\n\n\n<p>Sa\u011f olun var olun, Cenab-\u0131 Allah\u2019a emanet olun. Ne mutlu T\u00fcrk\u2019\u00fcm diyene!<\/p>\n","protected":false},"excerpt":{"rendered":"<p>MHP Genel Ba\u015fkan Yard\u0131mc\u0131s\u0131 Sadir Durmaz, Tefenni Belediyesi Toplu A\u00e7\u0131l\u0131\u015f T\u00f6reni\u2019nde konu\u015ftu, \u201cBiz Milliyet\u00e7i Hareket Partisi olarak; Alg\u0131larla de\u011fil olgularla belediyecilik yap\u0131yoruz. Se\u00e7im d\u00f6nemi s\u00f6z verip, se\u00e7im sonu unutmuyoruz.\u201d Dedi. MHP Genel Ba\u015fkan Yard\u0131mc\u0131s\u0131&#46;&#46;&#46;<\/p>\n","protected":false},"author":1,"featured_media":25295,"comment_status":"open","ping_status":"open","sticky":false,"template":"","format":"standard","meta":[],"categories":[119,50],"tags":[],"_links":{"self":[{"href":"http:\/\/www.belediyeler.net\/index.php?rest_route=\/wp\/v2\/posts\/25293"}],"collection":[{"href":"http:\/\/www.belediyeler.net\/index.php?rest_route=\/wp\/v2\/posts"}],"about":[{"href":"http:\/\/www.belediyeler.net\/index.php?rest_route=\/wp\/v2\/types\/post"}],"author":[{"embeddable":true,"href":"http:\/\/www.belediyeler.net\/index.php?rest_route=\/wp\/v2\/users\/1"}],"replies":[{"embeddable":true,"href":"http:\/\/www.belediyeler.net\/index.php?rest_route=%2Fwp%2Fv2%2Fcomments&post=25293"}],"version-history":[{"count":1,"href":"http:\/\/www.belediyeler.net\/index.php?rest_route=\/wp\/v2\/posts\/25293\/revisions"}],"predecessor-version":[{"id":25296,"href":"http:\/\/www.belediyeler.net\/index.php?rest_route=\/wp\/v2\/posts\/25293\/revisions\/25296"}],"wp:featuredmedia":[{"embeddable":true,"href":"http:\/\/www.belediyeler.net\/index.php?rest_route=\/wp\/v2\/media\/25295"}],"wp:attachment":[{"href":"http:\/\/www.belediyeler.net\/index.php?rest_route=%2Fwp%2Fv2%2Fmedia&parent=25293"}],"wp:term":[{"taxonomy":"category","embeddable":true,"href":"http:\/\/www.belediyeler.net\/index.php?rest_route=%2Fwp%2Fv2%2Fcategories&post=25293"},{"taxonomy":"post_tag","embeddable":true,"href":"http:\/\/www.belediyeler.net\/index.php?rest_route=%2Fwp%2Fv2%2Ftags&post=25293"}],"curies":[{"name":"wp","href":"https:\/\/api.w.org\/{rel}","templated":true}]}}