{"id":6342,"date":"2014-06-01T20:35:51","date_gmt":"2014-06-01T17:35:51","guid":{"rendered":"http:\/\/www.belediyeler.net\/?p=6342"},"modified":"2014-06-01T20:35:51","modified_gmt":"2014-06-01T17:35:51","slug":"turizm-ve-sanat-festivalinin-ilk-gunu-coskuyla-gerceklestirildi","status":"publish","type":"post","link":"http:\/\/www.belediyeler.net\/?p=6342","title":{"rendered":"TUR\u0130ZM VE SANAT FEST\u0130VAL\u0130&#8217;N\u0130N \u0130LK G\u00dcN\u00dc CO\u015eKUYLA GER\u00c7EKLE\u015eT\u0130R\u0130LD\u0130"},"content":{"rendered":"<p>Alanya Belediyesi taraf\u0131ndan bu y\u0131l 14.s\u00fc d\u00fczenlenen Turizm ve Sanat Festivali, 31 May\u0131s Cumartesi g\u00fcn\u00fc y\u00f6r\u00fck g\u00f6\u00e7\u00fc canland\u0131r\u0131lmas\u0131 ve mehteran e\u015fli\u011finde kortej y\u00fcr\u00fcy\u00fc\u015f\u00fcyle ba\u015flad\u0131.<\/p>\n<p>Bu y\u0131la kadar yap\u0131lan en kalabal\u0131k kortej y\u00fcr\u00fcy\u00fc\u015f\u00fcnde g\u00f6rkemli bir ba\u015flang\u0131\u00e7 ger\u00e7ekle\u015fti. Y\u00f6r\u00fck g\u00f6\u00e7\u00fcne davul ve zurna e\u015flik etti. Vatanda\u015flar y\u00f6resel k\u0131yafetleri ile iskeleye y\u00fcr\u00fcy\u00fc\u015f ger\u00e7ekle\u015ftirdiler. Korteje yurt i\u00e7inden ve yurtd\u0131\u015f\u0131ndan gelen konuklar, karde\u015f \u015fehirlerden gelen konuklar, protokol \u00fcyeleri, sporcular, animasyon gruplar\u0131 ve vatanda\u015flar kat\u0131ld\u0131. Atat\u00fcrk An\u0131t\u0131 ile \u0130skele Meydan\u0131 aras\u0131nda ger\u00e7ekle\u015ftirilen kortej de \u0130skele Meydan\u0131&#8217;nda son buldu.<\/p>\n<p>K\u0131z\u0131lkule yan\u0131na  haz\u0131rlanan sahnede Alanya Belediye Ba\u015fkan\u0131 Adem Murat Y\u00fccel ve Antalya Millet Vekili Mehmet G\u00fcnal a\u00e7\u0131l\u0131\u015f konu\u015fmalar\u0131n\u0131 ger\u00e7ekle\u015ftirdiler.<\/p>\n<p>Alanya Belediye Ba\u015fkan\u0131 Adem Murat Y\u00fccel konu\u015fmas\u0131nda; \u201cSizlerin ve yabanc\u0131 konuklar\u0131m\u0131z\u0131n kat\u0131l\u0131m\u0131yla Alanya\u2019n\u0131n d\u0131\u015fa a\u00e7\u0131lan penceresi ve ayd\u0131nl\u0131k y\u00fcz\u00fc olan festivalimiz ayn\u0131 zamanda d\u00fcnya k\u00fclt\u00fcrlerinin bulu\u015fma adresidir. Her y\u0131l \u00f6nceki y\u0131la g\u00f6re kat\u0131l\u0131m\u0131n\u0131n artt\u0131\u011f\u0131 festivalimizde 3 g\u00fcn boyunca dolu dolu g\u00fcnler ya\u015fayaca\u011f\u0131m\u0131za inan\u0131yorum\u201ddedi. \u0130stanbul\u2019da Hatay sporla ma\u00e7 ger\u00e7ekle\u015ftirecek olan Alanyaspora ba\u015far\u0131lar dileyen Ba\u015fkan Y\u00fccel,\u201d B\u00fcy\u00fck bir heyecanla bize birinci lig heyecan\u0131 ya\u015fatmas\u0131n\u0131 diliyorum, g\u00f6nl\u00fcm\u00fcz onlarla. Festivalimizin ba\u015far\u0131yla ge\u00e7mesini temenni ediyorum\u201d dedi.<\/p>\n<p>Antalya Millet Vekili Mehmet G\u00fcnal ise konu\u015fmas\u0131nda,\u201dFestival Alanya\u2019m\u0131z\u0131n ve T\u00fcrkiye\u2019mizin tan\u0131t\u0131m\u0131na katk\u0131 sa\u011flayarak devam ediyor. Festivale kat\u0131lan herkese iyi e\u011flenceler diliyorum\u201d dedi. A\u00e7\u0131l\u0131\u015f konu\u015fmalar\u0131n\u0131n ard\u0131ndan sanat\u00e7\u0131 Burcu Karada\u011f\u2019\u0131n konseri ger\u00e7ekle\u015fti.<\/p>\n<p> \u0130skele Meydan\u0131&#8217;ndaki t\u00f6rende, yerli ve yabanc\u0131 gruplar, halk oyunlar\u0131 g\u00f6sterileri ve m\u00fczik dinletileri yapt\u0131. Etkinlikler kapsam\u0131nda resim, foto\u011fraf ve \u00e7e\u015fitli sergiler d\u00fczenlendi. El sanatlar\u0131 \u00fcr\u00fcnleri ve y\u00f6resel yemek sat\u0131\u015f\u0131n\u0131n yap\u0131ld\u0131\u011f\u0131 stantlar ziyaret ediliyor. \u0130skele \u015eelale \u00f6n\u00fcnde yerli ve yabanc\u0131 dans grup g\u00f6sterileriyle \u015eenlik devam ediyor.<\/p>\n","protected":false},"excerpt":{"rendered":"<p>Alanya Belediyesi taraf\u0131ndan bu y\u0131l 14.s\u00fc d\u00fczenlenen Turizm ve Sanat Festivali, 31 May\u0131s Cumartesi g\u00fcn\u00fc y\u00f6r\u00fck g\u00f6\u00e7\u00fc canland\u0131r\u0131lmas\u0131 ve mehteran e\u015fli\u011finde kortej y\u00fcr\u00fcy\u00fc\u015f\u00fcyle ba\u015flad\u0131. Bu y\u0131la kadar yap\u0131lan en kalabal\u0131k kortej y\u00fcr\u00fcy\u00fc\u015f\u00fcnde g\u00f6rkemli bir&#46;&#46;&#46;<\/p>\n","protected":false},"author":1,"featured_media":6343,"comment_status":"open","ping_status":"open","sticky":false,"template":"","format":"standard","meta":[],"categories":[113,34,50,1],"tags":[],"_links":{"self":[{"href":"http:\/\/www.belediyeler.net\/index.php?rest_route=\/wp\/v2\/posts\/6342"}],"collection":[{"href":"http:\/\/www.belediyeler.net\/index.php?rest_route=\/wp\/v2\/posts"}],"about":[{"href":"http:\/\/www.belediyeler.net\/index.php?rest_route=\/wp\/v2\/types\/post"}],"author":[{"embeddable":true,"href":"http:\/\/www.belediyeler.net\/index.php?rest_route=\/wp\/v2\/users\/1"}],"replies":[{"embeddable":true,"href":"http:\/\/www.belediyeler.net\/index.php?rest_route=%2Fwp%2Fv2%2Fcomments&post=6342"}],"version-history":[{"count":1,"href":"http:\/\/www.belediyeler.net\/index.php?rest_route=\/wp\/v2\/posts\/6342\/revisions"}],"predecessor-version":[{"id":6344,"href":"http:\/\/www.belediyeler.net\/index.php?rest_route=\/wp\/v2\/posts\/6342\/revisions\/6344"}],"wp:featuredmedia":[{"embeddable":true,"href":"http:\/\/www.belediyeler.net\/index.php?rest_route=\/wp\/v2\/media\/6343"}],"wp:attachment":[{"href":"http:\/\/www.belediyeler.net\/index.php?rest_route=%2Fwp%2Fv2%2Fmedia&parent=6342"}],"wp:term":[{"taxonomy":"category","embeddable":true,"href":"http:\/\/www.belediyeler.net\/index.php?rest_route=%2Fwp%2Fv2%2Fcategories&post=6342"},{"taxonomy":"post_tag","embeddable":true,"href":"http:\/\/www.belediyeler.net\/index.php?rest_route=%2Fwp%2Fv2%2Ftags&post=6342"}],"curies":[{"name":"wp","href":"https:\/\/api.w.org\/{rel}","templated":true}]}}