{"id":8008,"date":"2014-08-06T19:29:26","date_gmt":"2014-08-06T16:29:26","guid":{"rendered":"http:\/\/www.belediyeler.net\/?p=8008"},"modified":"2014-08-06T19:29:26","modified_gmt":"2014-08-06T16:29:26","slug":"buyuksehir-zabitasindan-kordinasyon-toplantisi","status":"publish","type":"post","link":"http:\/\/www.belediyeler.net\/?p=8008","title":{"rendered":"B\u00dcY\u00dcK\u015eEH\u0130R ZABITASI\u2019NDAN KORD\u0130NASYON TOPLANTISI"},"content":{"rendered":"<p>-ANKARA B\u00dcY\u00dcK\u015eEH\u0130R BELED\u0130YES\u0130 ZABITA DA\u0130RES\u0130 BA\u015eKANLI\u011eI\u2019NDA \u0130L\u00c7E ZABITA M\u00dcD\u00dcRL\u00dcKLER\u0130 \u0130LE KOORD\u0130NASYON TOPLANTISI YAPILDI<\/p>\n<p>-B\u00dcY\u00dcK\u015eEH\u0130R ZABITASI, \u0130L\u00c7E ZABITA M\u00dcD\u00dcRL\u00dcKLER\u0130 \u0130LE KOORD\u0130NEL\u0130 \u00c7ALI\u015eARAK, SORUNLARA ANINDA M\u00dcDAHALE EDEB\u0130LECEK<\/p>\n<p>B\u00fcy\u00fck\u015fehir Belediyesi Zab\u0131ta Daire Ba\u015fkanl\u0131\u011f\u0131 ile il\u00e7e zab\u0131ta m\u00fcd\u00fcrl\u00fckleri koordinasyonlu \u00e7al\u0131\u015facak.<\/p>\n<p>Ankara B\u00fcy\u00fck\u015fehir Belediyesi Zab\u0131ta Dairesi Ba\u015fkanl\u0131\u011f\u0131 taraf\u0131ndan d\u00fczenlenen ve 25 il\u00e7e zab\u0131ta m\u00fcd\u00fcrl\u00fc\u011f\u00fc temsilcilerinin kat\u0131ld\u0131\u011f\u0131 koordinasyon toplant\u0131s\u0131nda, B\u00fcy\u00fck\u015fehir Zab\u0131tas\u0131\u2019n\u0131n il\u00e7e zab\u0131ta m\u00fcd\u00fcrl\u00fckleri ile koordineli \u00e7al\u0131\u015farak, sorunlar kar\u015f\u0131s\u0131nda birlikte \u00e7\u00f6z\u00fcm \u00fcretebilmeleri g\u00f6r\u00fc\u015f\u00fcld\u00fc.<\/p>\n<p>B\u00fcy\u00fck\u015fehir Belediyesi Zab\u0131ta Dairesi Ba\u015fkanl\u0131\u011f\u0131 taraf\u0131ndan d\u00fczenlenen toplant\u0131ya; B\u00fcy\u00fck\u015fehir Belediyesi Genel Sekreter Yard\u0131mc\u0131s\u0131 Mustafa Sar\u0131g\u00fcl, Zab\u0131ta Dairesi Ba\u015fkan\u0131 Kemal Sonunur, Zab\u0131ta \u015eube M\u00fcd\u00fcrleri ile B\u00fcy\u00fck\u015fehir m\u00fccavir alan s\u0131n\u0131rlar\u0131nda bulunan il\u00e7e zab\u0131ta m\u00fcd\u00fcrleri ve amirleri kat\u0131ld\u0131.<\/p>\n<p>Alt\u0131npark Belediye Evi\u2019nde d\u00fczenlenen \u201cZab\u0131ta Dairesi Ba\u015fkanl\u0131\u011f\u0131 ile \u0130l\u00e7e Belediye Zab\u0131ta M\u00fcd\u00fcrl\u00fckleri Koordinasyonu 1.\u0130sti\u015fare Toplant\u0131s\u0131\u201dnda konu\u015fan Genel Sekreter Yard\u0131mc\u0131s\u0131 Mustafa Sar\u0131g\u00fcl,  \u201cAnkara\u2019n\u0131n 25 il\u00e7esindeki \u00f6nemli g\u00f6revlerinden bir tanesi de zab\u0131tan\u0131n g\u00f6revidir. Zab\u0131ta, vatanda\u015f\u0131m\u0131z\u0131n rahat\u0131 ve huzuru i\u00e7in, huzurlu bir bi\u00e7imde ya\u015famlar\u0131n\u0131 devam ettirebilmesi i\u00e7in en iyi \u015fekilde g\u00f6rev yapmas\u0131 gereken birimlerden bir tanesidir\u201d dedi.<\/p>\n<p>Toplant\u0131n\u0131n amac\u0131n\u0131n koordinasyon ve i\u015fbirli\u011fi oldu\u011funu belirten Mustafa Sar\u0131g\u00fcl, \u201cBiz kendimizi nas\u0131l i\u015fimize adapte ederiz. \u0130\u015fimizi nas\u0131l kolay \u00e7\u00f6zeriz, devletin vermi\u015f oldu\u011fu yetkiyi s\u0131n\u0131rlar\u0131 a\u015fmadan vatanda\u015fa nas\u0131l yans\u0131t\u0131r\u0131z da vatanda\u015f\u0131m\u0131z nas\u0131l huzurlu bir bi\u00e7imde hayat\u0131n\u0131 idame ettirir bunun gayreti i\u00e7erisindeyiz. 5 milyona yak\u0131n n\u00fcfusu olan Ankara\u2019da a\u011f\u0131r sorumluluklar hissettiren bir g\u00f6rev \u00fcstlenen siz de\u011ferli arkada\u015flar\u0131m\u0131z\u0131 hem fiziki olarak g\u00fc\u00e7l\u00fc hem bilgi olarak donan\u0131ml\u0131 olman\u0131z gerekti\u011fini d\u00fc\u015f\u00fcn\u00fcyorum. Bu birliktelik size g\u00fc\u00e7 verecektir\u201d diye konu\u015ftu.<\/p>\n<p>Sorunlar\u0131n isti\u015fare edilerek \u00e7\u00f6z\u00fclece\u011fini vurgulayan Mustafa Sar\u0131g\u00fcl, ekiplerin e\u011fitim programlar\u0131ndan ge\u00e7irilece\u011fini, Belediyeler Birli\u011fi ve B\u00fcy\u00fck\u015fehir Belediyesi ile koordinasyonun sa\u011flanmas\u0131 i\u00e7in  B\u00fcy\u00fck\u015fehir Belediyesi olarak her t\u00fcrl\u00fc deste\u011fi vereceklerini kaydetti.<\/p>\n<p>B\u00fcy\u00fck\u015fehir Belediyesi Zab\u0131ta Daire Ba\u015fkan\u0131 Kemal Sonunur ise zab\u0131tan\u0131n birlik ve beraberlik i\u00e7inde olmas\u0131n\u0131n \u00f6nemine de\u011finerek, \u201cBirlik beraberlik i\u00e7erisinde olursak vatanda\u015flara daha g\u00fczel hizmet ederiz. Sizin bir sorununuz oldu\u011fu zaman B\u00fcy\u00fck\u015fehir devreye girer, bizim sorunumuz oldu\u011fu zaman il\u00e7ede siz devreye girerseniz o zaman birlik beraberlik i\u00e7erisinde \u00e7ok daha huzurlu bir \u00e7al\u0131\u015fma ortam\u0131 olu\u015fur\u201d dedi.<\/p>\n<p>Yemekli toplant\u0131da zab\u0131tan\u0131n g\u00f6rev ve \u00e7al\u0131\u015fmalar\u0131 ile ilgili bir tan\u0131t\u0131m filmi g\u00f6sterilirken, toplant\u0131ya kat\u0131lan il\u00e7e zab\u0131ta m\u00fcd\u00fcrlerine de \u015filt verildi.<\/p>\n","protected":false},"excerpt":{"rendered":"<p>-ANKARA B\u00dcY\u00dcK\u015eEH\u0130R BELED\u0130YES\u0130 ZABITA DA\u0130RES\u0130 BA\u015eKANLI\u011eI\u2019NDA \u0130L\u00c7E ZABITA M\u00dcD\u00dcRL\u00dcKLER\u0130 \u0130LE KOORD\u0130NASYON TOPLANTISI YAPILDI -B\u00dcY\u00dcK\u015eEH\u0130R ZABITASI, \u0130L\u00c7E ZABITA M\u00dcD\u00dcRL\u00dcKLER\u0130 \u0130LE KOORD\u0130NEL\u0130 \u00c7ALI\u015eARAK, SORUNLARA ANINDA M\u00dcDAHALE EDEB\u0130LECEK B\u00fcy\u00fck\u015fehir Belediyesi Zab\u0131ta Daire Ba\u015fkanl\u0131\u011f\u0131 ile il\u00e7e zab\u0131ta m\u00fcd\u00fcrl\u00fckleri&#46;&#46;&#46;<\/p>\n","protected":false},"author":1,"featured_media":8009,"comment_status":"open","ping_status":"open","sticky":false,"template":"","format":"standard","meta":[],"categories":[5,50,1],"tags":[],"_links":{"self":[{"href":"http:\/\/www.belediyeler.net\/index.php?rest_route=\/wp\/v2\/posts\/8008"}],"collection":[{"href":"http:\/\/www.belediyeler.net\/index.php?rest_route=\/wp\/v2\/posts"}],"about":[{"href":"http:\/\/www.belediyeler.net\/index.php?rest_route=\/wp\/v2\/types\/post"}],"author":[{"embeddable":true,"href":"http:\/\/www.belediyeler.net\/index.php?rest_route=\/wp\/v2\/users\/1"}],"replies":[{"embeddable":true,"href":"http:\/\/www.belediyeler.net\/index.php?rest_route=%2Fwp%2Fv2%2Fcomments&post=8008"}],"version-history":[{"count":1,"href":"http:\/\/www.belediyeler.net\/index.php?rest_route=\/wp\/v2\/posts\/8008\/revisions"}],"predecessor-version":[{"id":8010,"href":"http:\/\/www.belediyeler.net\/index.php?rest_route=\/wp\/v2\/posts\/8008\/revisions\/8010"}],"wp:featuredmedia":[{"embeddable":true,"href":"http:\/\/www.belediyeler.net\/index.php?rest_route=\/wp\/v2\/media\/8009"}],"wp:attachment":[{"href":"http:\/\/www.belediyeler.net\/index.php?rest_route=%2Fwp%2Fv2%2Fmedia&parent=8008"}],"wp:term":[{"taxonomy":"category","embeddable":true,"href":"http:\/\/www.belediyeler.net\/index.php?rest_route=%2Fwp%2Fv2%2Fcategories&post=8008"},{"taxonomy":"post_tag","embeddable":true,"href":"http:\/\/www.belediyeler.net\/index.php?rest_route=%2Fwp%2Fv2%2Ftags&post=8008"}],"curies":[{"name":"wp","href":"https:\/\/api.w.org\/{rel}","templated":true}]}}